{"id":2937,"date":"2020-02-26T04:15:00","date_gmt":"2020-02-26T04:15:00","guid":{"rendered":"https:\/\/universomotero.com\/?p=2937"},"modified":"2026-02-26T04:15:59","modified_gmt":"2026-02-26T04:15:59","slug":"como-dividir-equitativamente-las-tareas-del-hogar-dentro-de-la-familia","status":"publish","type":"post","link":"https:\/\/universomotero.com\/es\/como-dividir-equitativamente-las-tareas-del-hogar-dentro-de-la-familia\/","title":{"rendered":"C\u00f3mo dividir equitativamente las tareas del hogar en la familia"},"content":{"rendered":"<p>La organizaci\u00f3n del hogar es responsabilidad de todos los que viven en \u00e9l. Cuando las tareas dom\u00e9sticas se concentran en una sola persona, se genera sobrecarga, agotamiento y conflictos innecesarios. Crear un sistema m\u00e1s equilibrado mejora el ambiente y fortalece el sentido de colaboraci\u00f3n dentro de la familia.<\/p>\n\n\n\n<p>Dividir tareas no es s\u00f3lo una cuesti\u00f3n pr\u00e1ctica sino tambi\u00e9n educativa.<\/p>\n\n\n\n<h2 class=\"wp-block-heading\">Entender que el hogar es una responsabilidad colectiva.<\/h2>\n\n\n\n<p>Sin importar la edad, todos podemos contribuir de alguna manera. Los ni\u00f1os pueden guardar los juguetes, los adolescentes pueden organizar sus habitaciones y los adultos pueden compartir tareas m\u00e1s importantes.<\/p>\n\n\n\n<p>Cuando cada miembro entiende que es parte del funcionamiento del hogar, la carga deja de ser individual y se vuelve compartida.<\/p>\n\n\n\n<h2 class=\"wp-block-heading\">Organiza tus tareas con claridad.<\/h2>\n\n\n\n<p>Una de las principales causas de conflicto es la falta de definici\u00f3n. Cuando no est\u00e1 claro qui\u00e9n hace qu\u00e9, surgen descuidos y culpas.<\/p>\n\n\n\n<p>Asignar roles espec\u00edficos a cada persona reduce las discusiones y aumenta la eficiencia. Estos pueden ser fijos o rotativos, siempre que est\u00e9n bien definidos.<\/p>\n\n\n\n<h2 class=\"wp-block-heading\">Considere rutinas individuales<\/h2>\n\n\n\n<p>No todos tienen los mismos horarios y compromisos. Es importante distribuir las tareas teniendo en cuenta la rutina de cada miembro.<\/p>\n\n\n\n<p>Equilibrio no significa divisi\u00f3n id\u00e9ntica, sino divisi\u00f3n justa.<\/p>\n\n\n\n<h2 class=\"wp-block-heading\">Ense\u00f1ar desde temprana edad<\/h2>\n\n\n\n<p>Incluir a los ni\u00f1os en las tareas del hogar no se trata de sobrecargarlos, sino de ense\u00f1arles responsabilidad. Cuando aprenden desde peque\u00f1os que la organizaci\u00f3n es parte de la vida, crecen m\u00e1s independientes.<\/p>\n\n\n\n<p>Estas lecciones permanecen con la persona hasta la edad adulta.<\/p>\n\n\n\n<h2 class=\"wp-block-heading\">Evite cargos excesivos<\/h2>\n\n\n\n<p>La organizaci\u00f3n es importante, pero las exigencias excesivas pueden generar tensi\u00f3n. Lo ideal es mantener una comunicaci\u00f3n abierta y hacer ajustes cuando sea necesario.<\/p>\n\n\n\n<p>El objetivo no es la perfecci\u00f3n, sino la colaboraci\u00f3n constante.<\/p>\n\n\n\n<h2 class=\"wp-block-heading\">Reconocer el esfuerzo<\/h2>\n\n\n\n<p>Valorar a alguien cuando hace su parte lo motiva a continuar. Los peque\u00f1os actos de reconocimiento ayudan a mantener el compromiso colectivo.<\/p>\n\n\n\n<p>Sentirse visto y valorado fortalece el esp\u00edritu de equipo.<\/p>\n\n\n\n<h2 class=\"wp-block-heading\">Conclusi\u00f3n<\/h2>\n\n\n\n<p>Dividir las tareas del hogar de forma justa mejora la convivencia y reduce las cargas. Cuando hay claridad, equilibrio y colaboraci\u00f3n, el entorno familiar se vuelve m\u00e1s armonioso.<\/p>\n\n\n\n<p>M\u00e1s que simplemente mantener la casa organizada, dividir responsabilidades ense\u00f1a cooperaci\u00f3n, respeto y compromiso, valores que se extienden m\u00e1s all\u00e1 de las paredes del hogar.<\/p>","protected":false},"excerpt":{"rendered":"<p>A organiza\u00e7\u00e3o da casa \u00e9 responsabilidade de todos que vivem nela. Quando as tarefas dom\u00e9sticas ficam concentradas em apenas uma pessoa, surgem sobrecarga, desgaste e conflitos desnecess\u00e1rios. Criar um sistema mais equilibrado melhora o ambiente e fortalece o senso de colabora\u00e7\u00e3o dentro da fam\u00edlia. Dividir tarefas n\u00e3o \u00e9 apenas uma quest\u00e3o pr\u00e1tica, mas tamb\u00e9m educativa. [&hellip;]<\/p>","protected":false},"author":4,"featured_media":2938,"comment_status":"closed","ping_status":"closed","sticky":false,"template":"","format":"standard","meta":{"footnotes":""},"categories":[147],"tags":[],"class_list":{"0":"post-2937","1":"post","2":"type-post","3":"status-publish","4":"format-standard","5":"has-post-thumbnail","7":"category-familia"},"_links":{"self":[{"href":"https:\/\/universomotero.com\/es\/wp-json\/wp\/v2\/posts\/2937","targetHints":{"allow":["GET"]}}],"collection":[{"href":"https:\/\/universomotero.com\/es\/wp-json\/wp\/v2\/posts"}],"about":[{"href":"https:\/\/universomotero.com\/es\/wp-json\/wp\/v2\/types\/post"}],"author":[{"embeddable":true,"href":"https:\/\/universomotero.com\/es\/wp-json\/wp\/v2\/users\/4"}],"replies":[{"embeddable":true,"href":"https:\/\/universomotero.com\/es\/wp-json\/wp\/v2\/comments?post=2937"}],"version-history":[{"count":1,"href":"https:\/\/universomotero.com\/es\/wp-json\/wp\/v2\/posts\/2937\/revisions"}],"predecessor-version":[{"id":2939,"href":"https:\/\/universomotero.com\/es\/wp-json\/wp\/v2\/posts\/2937\/revisions\/2939"}],"wp:featuredmedia":[{"embeddable":true,"href":"https:\/\/universomotero.com\/es\/wp-json\/wp\/v2\/media\/2938"}],"wp:attachment":[{"href":"https:\/\/universomotero.com\/es\/wp-json\/wp\/v2\/media?parent=2937"}],"wp:term":[{"taxonomy":"category","embeddable":true,"href":"https:\/\/universomotero.com\/es\/wp-json\/wp\/v2\/categories?post=2937"},{"taxonomy":"post_tag","embeddable":true,"href":"https:\/\/universomotero.com\/es\/wp-json\/wp\/v2\/tags?post=2937"}],"curies":[{"name":"wp","href":"https:\/\/api.w.org\/{rel}","templated":true}]}}