{"id":2931,"date":"2020-02-26T04:10:00","date_gmt":"2020-02-26T04:10:00","guid":{"rendered":"https:\/\/universomotero.com\/?p=2931"},"modified":"2026-02-26T04:11:41","modified_gmt":"2026-02-26T04:11:41","slug":"aile-icindeki-kusak-farkliliklariyla-nasil-basa-cikilir","status":"publish","type":"post","link":"https:\/\/universomotero.com\/tr\/como-lidar-com-diferencas-de-geracoes-dentro-da-familia\/","title":{"rendered":"Aile \u0130\u00e7indeki Ku\u015fak Farkl\u0131l\u0131klar\u0131yla Nas\u0131l Ba\u015fa \u00c7\u0131k\u0131l\u0131r?"},"content":{"rendered":"<p class=\"wp-block-paragraph\">Bir\u00e7ok ailede, farkl\u0131 ku\u015faklardan insanlar bir arada ya\u015far ve her birinin kendine \u00f6zg\u00fc deneyimleri, de\u011ferleri ve d\u00fcnyaya bak\u0131\u015f a\u00e7\u0131lar\u0131 vard\u0131r. B\u00fcy\u00fckanneler, b\u00fcy\u00fckbabalar, ebeveynler ve \u00e7ocuklar tamamen farkl\u0131 ortamlarda, her d\u00f6neme \u00f6zg\u00fc teknolojiler, gelenekler ve zorluklarla b\u00fcy\u00fcd\u00fcler. Bu farkl\u0131l\u0131klar \u00e7at\u0131\u015fmalara yol a\u00e7abilece\u011fi gibi, \u00f6\u011frenme ve geli\u015fmenin de kayna\u011f\u0131 olabilir.<\/p>\n\n\n\n<h2 class=\"wp-block-heading\">Unutmay\u0131n ki her nesil kendi zaman\u0131 taraf\u0131ndan \u015fekillendirilmi\u015ftir.<\/h2>\n\n\n\n<p class=\"wp-block-paragraph\">Her nesil, b\u00fcy\u00fcd\u00fc\u011f\u00fc d\u00f6nemin izlerini ta\u015f\u0131r. \u0130nternetin olmad\u0131\u011f\u0131 bir d\u00f6nemde ya\u015fayanlar, dijital bir d\u00fcnyaya do\u011fanlardan farkl\u0131 al\u0131\u015fkanl\u0131klar geli\u015ftirmi\u015ftir. \u015eiddetli ekonomik krizlerle kar\u015f\u0131la\u015fanlar paraya daha muhafazak\u00e2r bir bak\u0131\u015f a\u00e7\u0131s\u0131na sahip olabilirken, gen\u00e7 nesiller deneyimlere \u00f6ncelik verebilir.<\/p>\n\n\n\n<p class=\"wp-block-paragraph\">Bu ba\u011flam\u0131 anlamak, yarg\u0131lamay\u0131 azaltmaya ve empatiyi art\u0131rmaya yard\u0131mc\u0131 olur.<\/p>\n\n\n\n<h2 class=\"wp-block-heading\">S\u00fcrekli kar\u015f\u0131la\u015ft\u0131rmalardan ka\u00e7\u0131n\u0131n.<\/h2>\n\n\n\n<p class=\"wp-block-paragraph\">&quot;Bizim zaman\u0131m\u0131zda i\u015fler daha iyiydi&quot; veya &quot;sen hi\u00e7bir \u015fey anlam\u0131yorsun&quot; gibi ifadeler, ku\u015faklar aras\u0131ndaki u\u00e7urumu s\u0131kl\u0131kla geni\u015fletir. S\u00fcrekli kar\u015f\u0131la\u015ft\u0131rmalar k\u00f6pr\u00fcler yerine engeller yarat\u0131r.<\/p>\n\n\n\n<p class=\"wp-block-paragraph\">Zaman\u0131n de\u011fi\u015fti\u011fini kabul etmek, daha sayg\u0131l\u0131 ve dengeli bir birlikte ya\u015famay\u0131 m\u00fcmk\u00fcn k\u0131lar.<\/p>\n\n\n\n<h2 class=\"wp-block-heading\">A\u00e7\u0131k Diyalo\u011fu Te\u015fvik Edin<\/h2>\n\n\n\n<p class=\"wp-block-paragraph\">G\u00f6r\u00fc\u015fler ve de\u011ferler hakk\u0131nda a\u00e7\u0131k konu\u015fmalar, \u00e7at\u0131\u015fmay\u0131 azaltmaya yard\u0131mc\u0131 olur. Dikkatlice dinlemek ve di\u011fer ki\u015finin bak\u0131\u015f a\u00e7\u0131s\u0131n\u0131 kesmekten veya ge\u00e7ersiz k\u0131lmaktan ka\u00e7\u0131nmak \u00f6nemlidir.<\/p>\n\n\n\n<p class=\"wp-block-paragraph\">Sayg\u0131 \u00e7er\u00e7evesinde ger\u00e7ekle\u015fen diyaloglarda, farkl\u0131l\u0131klar tehdit olmaktan \u00e7\u0131k\u0131p kar\u015f\u0131l\u0131kl\u0131 etkile\u015fim f\u0131rsatlar\u0131na d\u00f6n\u00fc\u015f\u00fcr.<\/p>\n\n\n\n<h2 class=\"wp-block-heading\">Ya\u015fl\u0131 insanlar\u0131n deneyimlerine de\u011fer verin.<\/h2>\n\n\n\n<p class=\"wp-block-paragraph\">Daha ya\u015fl\u0131 nesiller, \u00f6\u011fretebilecekleri \u00e7ok \u015fey i\u00e7eren deneyimler ta\u015f\u0131rlar. Ge\u00e7mi\u015f y\u0131llardan kalan hikayeler, dersler ve birikmi\u015f bilgiler, gen\u00e7 nesiller i\u00e7in de\u011ferli kaynaklard\u0131r.<\/p>\n\n\n\n<p class=\"wp-block-paragraph\">Bu deneyime de\u011fer vermek aile ba\u011flar\u0131n\u0131 g\u00fc\u00e7lendirir.<\/p>\n\n\n\n<h2 class=\"wp-block-heading\">Y\u00fckseltmeyi ve Ge\u00e7i\u015fi Te\u015fvik Edin<\/h2>\n\n\n\n<p class=\"wp-block-paragraph\">Gen\u00e7lerin ya\u015fl\u0131lardan \u00f6\u011frenebilece\u011fi gibi, bunun tersi de do\u011frudur. Yeni teknolojileri \u00f6\u011fretmek, g\u00fcncel trendleri a\u00e7\u0131klamak ve haberleri payla\u015fmak b\u00fct\u00fcnle\u015fmeyi sa\u011flar.<\/p>\n\n\n\n<p class=\"wp-block-paragraph\">Kar\u015f\u0131l\u0131kl\u0131 etkile\u015fim oldu\u011funda, sayg\u0131 do\u011fal olarak geli\u015fir.<\/p>\n\n\n\n<h2 class=\"wp-block-heading\">Bizi ay\u0131ran \u015feylere de\u011fil, birle\u015ftiren \u015feylere odaklan\u0131n.<\/h2>\n\n\n\n<p class=\"wp-block-paragraph\">Aileler, farkl\u0131l\u0131klar\u0131na ra\u011fmen, bak\u0131m, destek ve aidiyet gibi temel de\u011ferleri payla\u015f\u0131rlar. Bu ortak noktalar\u0131 g\u00fc\u00e7lendirmek, birli\u011fi korumaya yard\u0131mc\u0131 olur.<\/p>\n\n\n\n<p class=\"wp-block-paragraph\">G\u00f6r\u00fc\u015f ayr\u0131l\u0131klar\u0131 illa ki ayr\u0131l\u0131k anlam\u0131na gelmez.<\/p>\n\n\n\n<h2 class=\"wp-block-heading\">\u00c7\u00f6z\u00fcm<\/h2>\n\n\n\n<p class=\"wp-block-paragraph\">Nesiller aras\u0131 farkl\u0131l\u0131klar her ailede do\u011fald\u0131r. Anlay\u0131\u015f, diyalog ve sayg\u0131 oldu\u011funda, bu farkl\u0131l\u0131klar \u00e7at\u0131\u015fma kayna\u011f\u0131 olmaktan \u00e7\u0131kar ve birlikte ya\u015fam\u0131 zenginle\u015ftirir.<\/p>\n\n\n\n<p class=\"wp-block-paragraph\">\u00d6nemli olan, deneyim \u00e7e\u015fitlili\u011fini olumlu bir \u015fey olarak g\u00f6rmektir. Gelenek ve yenili\u011fi dengeleyerek aile g\u00fc\u00e7lenir ve herkes i\u00e7in daha uyumlu bir ortam yarat\u0131l\u0131r.<\/p>","protected":false},"excerpt":{"rendered":"<p>Em muitas fam\u00edlias convivem pessoas de diferentes gera\u00e7\u00f5es, cada uma com suas experi\u00eancias, valores e formas de enxergar o mundo. Av\u00f3s, pais e filhos cresceram em contextos completamente distintos, com tecnologias, costumes e desafios pr\u00f3prios de cada \u00e9poca. Essas diferen\u00e7as podem gerar conflitos, mas tamb\u00e9m podem ser fonte de aprendizado e crescimento. Entenda Que Cada [&hellip;]<\/p>\n","protected":false},"author":4,"featured_media":2932,"comment_status":"closed","ping_status":"closed","sticky":false,"template":"","format":"standard","meta":{"footnotes":""},"categories":[147],"tags":[],"class_list":["post-2931","post","type-post","status-publish","format-standard","has-post-thumbnail","category-familia"],"_links":{"self":[{"href":"https:\/\/universomotero.com\/tr\/wp-json\/wp\/v2\/posts\/2931","targetHints":{"allow":["GET"]}}],"collection":[{"href":"https:\/\/universomotero.com\/tr\/wp-json\/wp\/v2\/posts"}],"about":[{"href":"https:\/\/universomotero.com\/tr\/wp-json\/wp\/v2\/types\/post"}],"author":[{"embeddable":true,"href":"https:\/\/universomotero.com\/tr\/wp-json\/wp\/v2\/users\/4"}],"replies":[{"embeddable":true,"href":"https:\/\/universomotero.com\/tr\/wp-json\/wp\/v2\/comments?post=2931"}],"version-history":[{"count":1,"href":"https:\/\/universomotero.com\/tr\/wp-json\/wp\/v2\/posts\/2931\/revisions"}],"predecessor-version":[{"id":2933,"href":"https:\/\/universomotero.com\/tr\/wp-json\/wp\/v2\/posts\/2931\/revisions\/2933"}],"wp:featuredmedia":[{"embeddable":true,"href":"https:\/\/universomotero.com\/tr\/wp-json\/wp\/v2\/media\/2932"}],"wp:attachment":[{"href":"https:\/\/universomotero.com\/tr\/wp-json\/wp\/v2\/media?parent=2931"}],"wp:term":[{"taxonomy":"category","embeddable":true,"href":"https:\/\/universomotero.com\/tr\/wp-json\/wp\/v2\/categories?post=2931"},{"taxonomy":"post_tag","embeddable":true,"href":"https:\/\/universomotero.com\/tr\/wp-json\/wp\/v2\/tags?post=2931"}],"curies":[{"name":"wp","href":"https:\/\/api.w.org\/{rel}","templated":true}]}}